{"id":4803,"date":"2016-03-09T16:57:54","date_gmt":"2016-03-09T16:57:54","guid":{"rendered":"https:\/\/www.paulofaustino.com\/millennials-novo-empreendedorismo-marketing-digital\/"},"modified":"2021-01-24T14:53:36","modified_gmt":"2021-01-24T14:53:36","slug":"millennials-novo-empreendedorismo-marketing-digital","status":"publish","type":"post","link":"https:\/\/www.paulofaustino.com\/pt\/millennials-novo-empreendedorismo-marketing-digital\/","title":{"rendered":"Millennials &#8211; O novo Empreendedorismo e Marketing Digital"},"content":{"rendered":"<p>O Empreendedorismo \u00e9 algo que est\u00e1 na moda. E se estiv\u00e9ssemos mesmo falando de moda, estar\u00edamos provavelmente dizendo que \u00e9 <em>trendy<\/em> ou <em>fashion<\/em>. Ao contr\u00e1rio de muitas outras modas que acontecem em Portugal, o Empreendedorismo n\u00e3o \u00e9 certamente uma moda passageira; \u00e9 algo que veio para ficar. \u00c9 uma mudan\u00e7a de paradigma, da forma de estar e viver as empresas, os neg\u00f3cios, uma forma de estar na vida. Como \u00e9 h\u00e1bito nos dias de hoje, tamb\u00e9m \u00e9 uma quest\u00e3o de <em>lifestyle<\/em> &#8211; ou estilo de vida &#8211; como preferirem chamar.<\/p>\n<p>Com a mudan\u00e7a de gera\u00e7\u00f5es e os <a href=\"https:\/\/pt.wikipedia.org\/wiki\/Gera%C3%A7%C3%A3o_Y\" target=\"_blank\" rel=\"noopener noreferrer\">Millennials<\/a> chegando \u00e0 linha da frente, muito daquilo que conhecemos hoje ser\u00e1 substitu\u00eddo por algo que desconhecemos por completo. Essas mudan\u00e7as ser\u00e3o especialmente duras para as gera\u00e7\u00f5es anteriores, habituadas a uma forma de trabalhar diferente, em que o digital n\u00e3o fazia naturalmente parte. E \u00e9 precisamente esse novo Empreendedorismo que ir\u00e1 marcar o futuro do nosso pa\u00eds, para o bom e para o mau.<\/p>\n<p>O artigo &#8220;<a href=\"https:\/\/www.linkedin.com\/pulse\/morte-dos-shoppings-o-fim-do-facebook-e-futuro-criado-flavia-gamonar\" target=\"_blank\" rel=\"nofollow noopener noreferrer\">A morte dos shoppings, o fim do Facebook e o futuro criado pelos Millennials<\/a>&#8221; da Flavia Gamonar \u00e9 um bom exemplo da mudan\u00e7a que estamos passando e iremos sofrer ao longo das pr\u00f3ximas d\u00e9cadas. E essa mudan\u00e7a est\u00e1 alicer\u00e7ada no Empreendedorismo, especialmente no Empreendedorismo e Marketing Digital, duas ferramentas que andam de m\u00e3os dadas neste novo mundo.<\/p>\n<div id=\"ez-toc-container\" class=\"ez-toc-v2_0_82_2 counter-hierarchy ez-toc-counter ez-toc-grey ez-toc-container-direction\">\n<div class=\"ez-toc-title-container\"><p class=\"ez-toc-title\" style=\"cursor:inherit\">\u00cdndice<\/p>\n<\/div><nav><ul class='ez-toc-list ez-toc-list-level-1 ' ><li class='ez-toc-page-1 ez-toc-heading-level-2'><a class=\"ez-toc-link ez-toc-heading-1\" href=\"https:\/\/www.paulofaustino.com\/pt\/millennials-novo-empreendedorismo-marketing-digital\/#A_conferencia_de_empreendedorismo_e_marketing_digital\" >A confer\u00eancia de empreendedorismo e marketing digital<\/a><\/li><li class='ez-toc-page-1 ez-toc-heading-level-2'><a class=\"ez-toc-link ez-toc-heading-2\" href=\"https:\/\/www.paulofaustino.com\/pt\/millennials-novo-empreendedorismo-marketing-digital\/#Aprenda_com_quem_realmente_sabe\" >Aprenda com quem realmente sabe<\/a><\/li><\/ul><\/nav><\/div>\n<h2><span class=\"ez-toc-section\" id=\"A_conferencia_de_empreendedorismo_e_marketing_digital\"><\/span>A confer\u00eancia de empreendedorismo e marketing digital<span class=\"ez-toc-section-end\"><\/span><\/h2>\n<p>Ao longo dos \u00faltimos anos, tanto eu como a minha mulher\/s\u00f3cia, temos co-organizado eventos de marketing digital e <a href=\"https:\/\/www.paulofaustino.com\/pt\/marketing-de-afiliados\/\">Marketing de Afiliados no Brasil<\/a>, juntamente com mais dois s\u00f3cios brasileiros. O gosto pela organiza\u00e7\u00e3o de eventos e pela import\u00e2ncia de educar o mercado levou-nos a desafiar a l\u00f3gica uma vez mais e criar um <a href=\"http:\/\/www.thinkconf.pt\/\" target=\"_blank\" rel=\"nofollow noopener noreferrer\">Evento de Empreendedorismo e Marketing Digital<\/a> em Portugal.<\/p>\n<p>O desafio \u00e9 naturalmente exigente, tendo em considera\u00e7\u00e3o que em Portugal, por norma, existe uma grande relut\u00e2ncia em investir no conhecimento atrav\u00e9s de um evento. As pessoas tendem a n\u00e3o dar import\u00e2ncia aos contatos e ao networking de um evento. Possivelmente devido \u00e0 <a href=\"http:\/\/pme.pt\/dados-empreendedorismo-portugal\/\" target=\"_blank\" rel=\"nofollow noopener noreferrer\">baix\u00edssima taxa de empreendedorismo que o pa\u00eds apresenta<\/a>.<\/p>\n<p>O objetivo da Think Conference \u00e9, precisamente, educar o mercado e mudar paradigmas; reconhecer a import\u00e2ncia do empreendedorismo, em especial o empreendedorismo digital, e com isso fomentar todo um mercado que est\u00e1 a crescer a olhos vistos. Portugal \u00e9 considerado um pa\u00eds rico em recursos humanos, com milhares de profissionais qualificados e capazes de corresponder aos maiores desafios globais. Mas \u00e9 preciso empreender. \u00c9 preciso estimular o empreendedorismo. E \u00e9 precisamente isso que pretendemos fomentar com a Think Conference, reunindo, num \u00fanico lugar, os melhores especialistas em empreendedorismo e marketing digital para partilharem as suas hist\u00f3rias, os seus fracassos, os seus sucessos e, principalmente, o que \u00e9 preciso saber e fazer para chegar onde todos eles chegaram.<\/p>\n<p>Porque falar de empreendedorismo \u00e9 f\u00e1cil, mas colocar a &#8220;m\u00e3o na massa&#8221; e ter sucesso \u00e9 dif\u00edcil. Reunimos um painel de especialistas que inclui CEOs de empresas avaliadas em dezenas de milh\u00f5es de euros, investidores, <em>youtubers<\/em> e formadores de opini\u00e3o, todos eles ligados ao <a href=\"https:\/\/www.paulofaustino.com\/pt\/marketing-digital-guia-completo\/\">marketing digital<\/a> em Portugal. E desafiamos a l\u00f3gica, unindo todos num \u00fanico lugar para um evento que promete ser \u00e9pico.<\/p>\n<p><img loading=\"lazy\" decoding=\"async\" class=\"alignnone size-full wp-image-4804\" src=\"https:\/\/www.paulofaustino.com\/wp-content\/uploads\/2016\/03\/think-conference-leiria.jpg\" alt=\"Think Conference Leiria\" width=\"840\" height=\"440\" srcset=\"https:\/\/www.paulofaustino.com\/wp-content\/uploads\/2016\/03\/think-conference-leiria.jpg 840w, https:\/\/www.paulofaustino.com\/wp-content\/uploads\/2016\/03\/think-conference-leiria-300x157.jpg 300w, https:\/\/www.paulofaustino.com\/wp-content\/uploads\/2016\/03\/think-conference-leiria-768x402.jpg 768w\" sizes=\"auto, (max-width: 840px) 100vw, 840px\" \/><\/p>\n<h2><span class=\"ez-toc-section\" id=\"Aprenda_com_quem_realmente_sabe\"><\/span>Aprenda com quem realmente sabe<span class=\"ez-toc-section-end\"><\/span><\/h2>\n<p>Seja um pequeno empreendedor, algu\u00e9m que tem o sonho de criar um neg\u00f3cio pr\u00f3prio, uma ag\u00eancia, ou um cargo superior, a <a href=\"http:\/\/www.thinkconf.pt\/\" target=\"_blank\" rel=\"nofollow noopener noreferrer\">Think Conference<\/a> \u00e9 naturalmente o lugar ideal para aprender com quem realmente sabe e entende de empreendedorismo e marketing digital. S\u00e3o dois dias completos, com palestras, coffee-breaks, sess\u00f5es de networking, uma after-party e diversas outras din\u00e2micas que tornam a Think Conference numa confer\u00eancia de elei\u00e7\u00e3o para quem deseja aprender mais e crescer rumo ao futuro.<\/p>\n<p>No painel de oradores contamos com algumas das principais refer\u00eancias na \u00e1rea do empreendedorismo e marketing digital:<\/p>\n<ul>\n<li><strong>Tim Vieira<\/strong> &#8211; Conhecido pelo Shark Tank e CEO da Special Edition Holding<\/li>\n<li><strong>Bruno Salgueiro<\/strong> &#8211; Youtuber conhecido pelo canal Dicas do Salgueiro<\/li>\n<li><strong>Nuno Pimenta<\/strong> &#8211; Industry Manager na Google<\/li>\n<li><strong>Filipa Neto<\/strong> &#8211; CEO da Chic-by-Choice, uma startup portuguesa l\u00edder na Europa<\/li>\n<li><strong>Antero Ferreira<\/strong> &#8211; Senior Product Manager na Farfetch, a primeira Billion Dollar Company portuguesa<\/li>\n<li><strong>Miguel Monteiro<\/strong> &#8211; CEO da FixeAds, a empresa por detr\u00e1s do OLX, Standvirtual, Coisas e Imovirtual<\/li>\n<li><strong>Paulo Pinto<\/strong> &#8211; CEO da La Redoute<\/li>\n<li><strong>Miguel Fernandes<\/strong> &#8211; Head of Sales do PayPal em Portugal<\/li>\n<li><strong>Andr\u00e9 Albuquerque<\/strong> &#8211; Head of Growth da Uniplaces, uma startup portuguesa avaliada em dezenas de milh\u00f5es de euros<\/li>\n<li><strong>Ant\u00f3nio Po\u00e7as<\/strong> &#8211; Presidente da inCentea<\/li>\n<li><strong>Miguel Ribeiro<\/strong> &#8211; Head of Growth da Zomato, uma startup indiana que est\u00e1 a fazer sucesso na Europa<\/li>\n<li><strong>Rui Pedro Alves<\/strong> &#8211; CEO do InvoiceXpress, o maior software de fatura\u00e7\u00e3o online em Portugal<\/li>\n<li><strong>Miguel Gon\u00e7alves<\/strong> &#8211; CEO da E-Goi, a maior plataforma de marketing multicanal do Mundo<\/li>\n<li><strong>David G. Santos<\/strong> &#8211; Presidente da Up to Start<\/li>\n<li><strong>Francisco Costa<\/strong> &#8211; CEO da Odisseias, a empresa portuguesa\u00a0que vende produtos e experi\u00eancias incr\u00edveis<\/li>\n<\/ul>\n<p>Ao longo de dois dias, ser\u00e1 poss\u00edvel conviver de perto com todos estes tubar\u00f5es do empreendedorismo e do marketing digital portugu\u00eas, al\u00e9m de aprender o que realmente \u00e9 preciso para se conseguir sobressair num mercado cada vez mais competitivo e exigente como o digital.<\/p>\n<p><strong>Site:<\/strong> <a href=\"http:\/\/www.thinkconf.pt\" target=\"_blank\" rel=\"nofollow noopener noreferrer\">www.thinkconf.pt<\/a><br \/>\n<strong>Data:<\/strong> 18 e 19 de Junho de 2016<br \/>\n<strong>Local:<\/strong> Leiria<\/p>\n<p>Inscreva-se antecipadamente para garantir o melhor pre\u00e7o poss\u00edvel para participar no evento. Os pre\u00e7os tendem a subir ao longo do tempo mediante a oferta e a procura dispon\u00edveis. Mas se comprar antecipadamente o seu bilhete, tenha a certeza de que poder\u00e1 participar de toda a experi\u00eancia da Think Conference ao pre\u00e7o mais baixo poss\u00edvel.<\/p>\n<p><strong>Um Abra\u00e7o!<\/strong><br \/>\n<strong>Paulo Faustino<\/strong><\/p>\n","protected":false},"excerpt":{"rendered":"<p>O Empreendedorismo \u00e9 algo que est\u00e1 na moda. E se estiv\u00e9ssemos mesmo falando de moda, estar\u00edamos provavelmente dizendo que \u00e9 trendy ou fashion. Ao contr\u00e1rio de muitas outras modas que&#8230;<\/p>\n","protected":false},"author":7,"featured_media":4805,"comment_status":"open","ping_status":"closed","sticky":false,"template":"","format":"standard","meta":{"_acf_changed":false,"footnotes":""},"categories":[1427],"tags":[1624,1625,1627],"class_list":["post-4803","post","type-post","status-publish","format-standard","has-post-thumbnail","hentry","category-marketing-digital-pt","tag-conferencia-de-empreendedorismo-pt","tag-conferencia-de-marketing-pt","tag-evento-pt"],"acf":[],"yoast_head":"<!-- This site is optimized with the Yoast SEO plugin v26.8 - https:\/\/yoast.com\/product\/yoast-seo-wordpress\/ -->\n<title>Millennials - O novo Empreendedorismo e Marketing Digital<\/title>\n<meta name=\"description\" content=\"Os Millennials est\u00e3o a mudar a forma como nos comunicamos e o empreendedorismo em Portugal. E a mudan\u00e7a j\u00e1 come\u00e7ou.\" \/>\n<meta name=\"robots\" content=\"index, follow, max-snippet:-1, max-image-preview:large, max-video-preview:-1\" \/>\n<link rel=\"canonical\" href=\"https:\/\/www.paulofaustino.com\/pt\/millennials-novo-empreendedorismo-marketing-digital\/\" \/>\n<meta property=\"og:locale\" content=\"pt_PT\" \/>\n<meta property=\"og:type\" content=\"article\" \/>\n<meta property=\"og:title\" content=\"Millennials - O novo Empreendedorismo e Marketing Digital\" \/>\n<meta property=\"og:description\" content=\"Os Millennials est\u00e3o a mudar a forma como nos comunicamos e o empreendedorismo em Portugal. E a mudan\u00e7a j\u00e1 come\u00e7ou.\" \/>\n<meta property=\"og:url\" content=\"https:\/\/www.paulofaustino.com\/pt\/millennials-novo-empreendedorismo-marketing-digital\/\" \/>\n<meta property=\"og:site_name\" content=\"Paulo Faustino\" \/>\n<meta property=\"article:publisher\" content=\"https:\/\/www.facebook.com\/paulofilipefaustino\" \/>\n<meta property=\"article:published_time\" content=\"2016-03-09T16:57:54+00:00\" \/>\n<meta property=\"article:modified_time\" content=\"2021-01-24T14:53:36+00:00\" \/>\n<meta property=\"og:image\" content=\"https:\/\/www.paulofaustino.com\/wp-content\/uploads\/2015\/12\/paulofaustino.png\" \/>\n\t<meta property=\"og:image:width\" content=\"1200\" \/>\n\t<meta property=\"og:image:height\" content=\"628\" \/>\n\t<meta property=\"og:image:type\" content=\"image\/png\" \/>\n<meta name=\"author\" content=\"Paulo Faustino\" \/>\n<meta name=\"twitter:card\" content=\"summary_large_image\" \/>\n<meta name=\"twitter:creator\" content=\"@pauloffaustino\" \/>\n<meta name=\"twitter:site\" content=\"@pauloffaustino\" \/>\n<meta name=\"twitter:label1\" content=\"Written by\" \/>\n\t<meta name=\"twitter:data1\" content=\"Paulo Faustino\" \/>\n\t<meta name=\"twitter:label2\" content=\"Est. reading time\" \/>\n\t<meta name=\"twitter:data2\" content=\"5 minutes\" \/>\n<script type=\"application\/ld+json\" class=\"yoast-schema-graph\">{\"@context\":\"https:\/\/schema.org\",\"@graph\":[{\"@type\":\"Article\",\"@id\":\"https:\/\/www.paulofaustino.com\/pt\/millennials-novo-empreendedorismo-marketing-digital\/#article\",\"isPartOf\":{\"@id\":\"https:\/\/www.paulofaustino.com\/pt\/millennials-novo-empreendedorismo-marketing-digital\/\"},\"author\":{\"name\":\"Paulo Faustino\",\"@id\":\"https:\/\/www.paulofaustino.com\/pt\/#\/schema\/person\/5ad49ab2ff5c0423d777c6e9efb56786\"},\"headline\":\"Millennials &#8211; O novo Empreendedorismo e Marketing Digital\",\"datePublished\":\"2016-03-09T16:57:54+00:00\",\"dateModified\":\"2021-01-24T14:53:36+00:00\",\"mainEntityOfPage\":{\"@id\":\"https:\/\/www.paulofaustino.com\/pt\/millennials-novo-empreendedorismo-marketing-digital\/\"},\"wordCount\":978,\"commentCount\":0,\"image\":{\"@id\":\"https:\/\/www.paulofaustino.com\/pt\/millennials-novo-empreendedorismo-marketing-digital\/#primaryimage\"},\"thumbnailUrl\":\"https:\/\/www.paulofaustino.com\/wp-content\/uploads\/2016\/03\/millennials-fb.png\",\"keywords\":[\"confer\u00eancia de empreendedorismo\",\"confer\u00eancia de marketing\",\"evento\"],\"articleSection\":[\"Marketing Digital\"],\"inLanguage\":\"pt\",\"potentialAction\":[{\"@type\":\"CommentAction\",\"name\":\"Comment\",\"target\":[\"https:\/\/www.paulofaustino.com\/pt\/millennials-novo-empreendedorismo-marketing-digital\/#respond\"]}]},{\"@type\":\"WebPage\",\"@id\":\"https:\/\/www.paulofaustino.com\/pt\/millennials-novo-empreendedorismo-marketing-digital\/\",\"url\":\"https:\/\/www.paulofaustino.com\/pt\/millennials-novo-empreendedorismo-marketing-digital\/\",\"name\":\"Millennials - O novo Empreendedorismo e Marketing Digital\",\"isPartOf\":{\"@id\":\"https:\/\/www.paulofaustino.com\/pt\/#website\"},\"primaryImageOfPage\":{\"@id\":\"https:\/\/www.paulofaustino.com\/pt\/millennials-novo-empreendedorismo-marketing-digital\/#primaryimage\"},\"image\":{\"@id\":\"https:\/\/www.paulofaustino.com\/pt\/millennials-novo-empreendedorismo-marketing-digital\/#primaryimage\"},\"thumbnailUrl\":\"https:\/\/www.paulofaustino.com\/wp-content\/uploads\/2016\/03\/millennials-fb.png\",\"datePublished\":\"2016-03-09T16:57:54+00:00\",\"dateModified\":\"2021-01-24T14:53:36+00:00\",\"author\":{\"@id\":\"https:\/\/www.paulofaustino.com\/pt\/#\/schema\/person\/5ad49ab2ff5c0423d777c6e9efb56786\"},\"description\":\"Os Millennials est\u00e3o a mudar a forma como nos comunicamos e o empreendedorismo em Portugal. E a mudan\u00e7a j\u00e1 come\u00e7ou.\",\"breadcrumb\":{\"@id\":\"https:\/\/www.paulofaustino.com\/pt\/millennials-novo-empreendedorismo-marketing-digital\/#breadcrumb\"},\"inLanguage\":\"pt\",\"potentialAction\":[{\"@type\":\"ReadAction\",\"target\":[\"https:\/\/www.paulofaustino.com\/pt\/millennials-novo-empreendedorismo-marketing-digital\/\"]}]},{\"@type\":\"ImageObject\",\"inLanguage\":\"pt\",\"@id\":\"https:\/\/www.paulofaustino.com\/pt\/millennials-novo-empreendedorismo-marketing-digital\/#primaryimage\",\"url\":\"https:\/\/www.paulofaustino.com\/wp-content\/uploads\/2016\/03\/millennials-fb.png\",\"contentUrl\":\"https:\/\/www.paulofaustino.com\/wp-content\/uploads\/2016\/03\/millennials-fb.png\",\"width\":1200,\"height\":628},{\"@type\":\"BreadcrumbList\",\"@id\":\"https:\/\/www.paulofaustino.com\/pt\/millennials-novo-empreendedorismo-marketing-digital\/#breadcrumb\",\"itemListElement\":[{\"@type\":\"ListItem\",\"position\":1,\"name\":\"Home\",\"item\":\"https:\/\/www.paulofaustino.com\/pt\/\"},{\"@type\":\"ListItem\",\"position\":2,\"name\":\"Millennials &#8211; O novo Empreendedorismo e Marketing Digital\"}]},{\"@type\":\"WebSite\",\"@id\":\"https:\/\/www.paulofaustino.com\/pt\/#website\",\"url\":\"https:\/\/www.paulofaustino.com\/pt\/\",\"name\":\"Paulo Faustino\",\"description\":\"Mentor de Empres\u00e1rios e Empresas\",\"potentialAction\":[{\"@type\":\"SearchAction\",\"target\":{\"@type\":\"EntryPoint\",\"urlTemplate\":\"https:\/\/www.paulofaustino.com\/pt\/?s={search_term_string}\"},\"query-input\":{\"@type\":\"PropertyValueSpecification\",\"valueRequired\":true,\"valueName\":\"search_term_string\"}}],\"inLanguage\":\"pt\"},{\"@type\":\"Person\",\"@id\":\"https:\/\/www.paulofaustino.com\/pt\/#\/schema\/person\/5ad49ab2ff5c0423d777c6e9efb56786\",\"name\":\"Paulo Faustino\",\"image\":{\"@type\":\"ImageObject\",\"inLanguage\":\"pt\",\"@id\":\"https:\/\/www.paulofaustino.com\/pt\/#\/schema\/person\/image\/\",\"url\":\"https:\/\/secure.gravatar.com\/avatar\/2d254334bc647e6a7af9182ca746235a4ff5cdc5939409fca86bac93b17d1bdf?s=96&d=mm&r=g\",\"contentUrl\":\"https:\/\/secure.gravatar.com\/avatar\/2d254334bc647e6a7af9182ca746235a4ff5cdc5939409fca86bac93b17d1bdf?s=96&d=mm&r=g\",\"caption\":\"Paulo Faustino\"}}]}<\/script>\n<!-- \/ Yoast SEO plugin. -->","yoast_head_json":{"title":"Millennials - O novo Empreendedorismo e Marketing Digital","description":"Os Millennials est\u00e3o a mudar a forma como nos comunicamos e o empreendedorismo em Portugal. E a mudan\u00e7a j\u00e1 come\u00e7ou.","robots":{"index":"index","follow":"follow","max-snippet":"max-snippet:-1","max-image-preview":"max-image-preview:large","max-video-preview":"max-video-preview:-1"},"canonical":"https:\/\/www.paulofaustino.com\/pt\/millennials-novo-empreendedorismo-marketing-digital\/","og_locale":"pt_PT","og_type":"article","og_title":"Millennials - O novo Empreendedorismo e Marketing Digital","og_description":"Os Millennials est\u00e3o a mudar a forma como nos comunicamos e o empreendedorismo em Portugal. E a mudan\u00e7a j\u00e1 come\u00e7ou.","og_url":"https:\/\/www.paulofaustino.com\/pt\/millennials-novo-empreendedorismo-marketing-digital\/","og_site_name":"Paulo Faustino","article_publisher":"https:\/\/www.facebook.com\/paulofilipefaustino","article_published_time":"2016-03-09T16:57:54+00:00","article_modified_time":"2021-01-24T14:53:36+00:00","og_image":[{"width":1200,"height":628,"url":"https:\/\/www.paulofaustino.com\/wp-content\/uploads\/2015\/12\/paulofaustino.png","type":"image\/png"}],"author":"Paulo Faustino","twitter_card":"summary_large_image","twitter_creator":"@pauloffaustino","twitter_site":"@pauloffaustino","twitter_misc":{"Written by":"Paulo Faustino","Est. reading time":"5 minutes"},"schema":{"@context":"https:\/\/schema.org","@graph":[{"@type":"Article","@id":"https:\/\/www.paulofaustino.com\/pt\/millennials-novo-empreendedorismo-marketing-digital\/#article","isPartOf":{"@id":"https:\/\/www.paulofaustino.com\/pt\/millennials-novo-empreendedorismo-marketing-digital\/"},"author":{"name":"Paulo Faustino","@id":"https:\/\/www.paulofaustino.com\/pt\/#\/schema\/person\/5ad49ab2ff5c0423d777c6e9efb56786"},"headline":"Millennials &#8211; O novo Empreendedorismo e Marketing Digital","datePublished":"2016-03-09T16:57:54+00:00","dateModified":"2021-01-24T14:53:36+00:00","mainEntityOfPage":{"@id":"https:\/\/www.paulofaustino.com\/pt\/millennials-novo-empreendedorismo-marketing-digital\/"},"wordCount":978,"commentCount":0,"image":{"@id":"https:\/\/www.paulofaustino.com\/pt\/millennials-novo-empreendedorismo-marketing-digital\/#primaryimage"},"thumbnailUrl":"https:\/\/www.paulofaustino.com\/wp-content\/uploads\/2016\/03\/millennials-fb.png","keywords":["confer\u00eancia de empreendedorismo","confer\u00eancia de marketing","evento"],"articleSection":["Marketing Digital"],"inLanguage":"pt","potentialAction":[{"@type":"CommentAction","name":"Comment","target":["https:\/\/www.paulofaustino.com\/pt\/millennials-novo-empreendedorismo-marketing-digital\/#respond"]}]},{"@type":"WebPage","@id":"https:\/\/www.paulofaustino.com\/pt\/millennials-novo-empreendedorismo-marketing-digital\/","url":"https:\/\/www.paulofaustino.com\/pt\/millennials-novo-empreendedorismo-marketing-digital\/","name":"Millennials - O novo Empreendedorismo e Marketing Digital","isPartOf":{"@id":"https:\/\/www.paulofaustino.com\/pt\/#website"},"primaryImageOfPage":{"@id":"https:\/\/www.paulofaustino.com\/pt\/millennials-novo-empreendedorismo-marketing-digital\/#primaryimage"},"image":{"@id":"https:\/\/www.paulofaustino.com\/pt\/millennials-novo-empreendedorismo-marketing-digital\/#primaryimage"},"thumbnailUrl":"https:\/\/www.paulofaustino.com\/wp-content\/uploads\/2016\/03\/millennials-fb.png","datePublished":"2016-03-09T16:57:54+00:00","dateModified":"2021-01-24T14:53:36+00:00","author":{"@id":"https:\/\/www.paulofaustino.com\/pt\/#\/schema\/person\/5ad49ab2ff5c0423d777c6e9efb56786"},"description":"Os Millennials est\u00e3o a mudar a forma como nos comunicamos e o empreendedorismo em Portugal. E a mudan\u00e7a j\u00e1 come\u00e7ou.","breadcrumb":{"@id":"https:\/\/www.paulofaustino.com\/pt\/millennials-novo-empreendedorismo-marketing-digital\/#breadcrumb"},"inLanguage":"pt","potentialAction":[{"@type":"ReadAction","target":["https:\/\/www.paulofaustino.com\/pt\/millennials-novo-empreendedorismo-marketing-digital\/"]}]},{"@type":"ImageObject","inLanguage":"pt","@id":"https:\/\/www.paulofaustino.com\/pt\/millennials-novo-empreendedorismo-marketing-digital\/#primaryimage","url":"https:\/\/www.paulofaustino.com\/wp-content\/uploads\/2016\/03\/millennials-fb.png","contentUrl":"https:\/\/www.paulofaustino.com\/wp-content\/uploads\/2016\/03\/millennials-fb.png","width":1200,"height":628},{"@type":"BreadcrumbList","@id":"https:\/\/www.paulofaustino.com\/pt\/millennials-novo-empreendedorismo-marketing-digital\/#breadcrumb","itemListElement":[{"@type":"ListItem","position":1,"name":"Home","item":"https:\/\/www.paulofaustino.com\/pt\/"},{"@type":"ListItem","position":2,"name":"Millennials &#8211; O novo Empreendedorismo e Marketing Digital"}]},{"@type":"WebSite","@id":"https:\/\/www.paulofaustino.com\/pt\/#website","url":"https:\/\/www.paulofaustino.com\/pt\/","name":"Paulo Faustino","description":"Mentor de Empres\u00e1rios e Empresas","potentialAction":[{"@type":"SearchAction","target":{"@type":"EntryPoint","urlTemplate":"https:\/\/www.paulofaustino.com\/pt\/?s={search_term_string}"},"query-input":{"@type":"PropertyValueSpecification","valueRequired":true,"valueName":"search_term_string"}}],"inLanguage":"pt"},{"@type":"Person","@id":"https:\/\/www.paulofaustino.com\/pt\/#\/schema\/person\/5ad49ab2ff5c0423d777c6e9efb56786","name":"Paulo Faustino","image":{"@type":"ImageObject","inLanguage":"pt","@id":"https:\/\/www.paulofaustino.com\/pt\/#\/schema\/person\/image\/","url":"https:\/\/secure.gravatar.com\/avatar\/2d254334bc647e6a7af9182ca746235a4ff5cdc5939409fca86bac93b17d1bdf?s=96&d=mm&r=g","contentUrl":"https:\/\/secure.gravatar.com\/avatar\/2d254334bc647e6a7af9182ca746235a4ff5cdc5939409fca86bac93b17d1bdf?s=96&d=mm&r=g","caption":"Paulo Faustino"}}]}},"_links":{"self":[{"href":"https:\/\/www.paulofaustino.com\/pt\/wp-json\/wp\/v2\/posts\/4803","targetHints":{"allow":["GET"]}}],"collection":[{"href":"https:\/\/www.paulofaustino.com\/pt\/wp-json\/wp\/v2\/posts"}],"about":[{"href":"https:\/\/www.paulofaustino.com\/pt\/wp-json\/wp\/v2\/types\/post"}],"author":[{"embeddable":true,"href":"https:\/\/www.paulofaustino.com\/pt\/wp-json\/wp\/v2\/users\/7"}],"replies":[{"embeddable":true,"href":"https:\/\/www.paulofaustino.com\/pt\/wp-json\/wp\/v2\/comments?post=4803"}],"version-history":[{"count":3,"href":"https:\/\/www.paulofaustino.com\/pt\/wp-json\/wp\/v2\/posts\/4803\/revisions"}],"predecessor-version":[{"id":5279,"href":"https:\/\/www.paulofaustino.com\/pt\/wp-json\/wp\/v2\/posts\/4803\/revisions\/5279"}],"wp:featuredmedia":[{"embeddable":true,"href":"https:\/\/www.paulofaustino.com\/pt\/wp-json\/wp\/v2\/media\/4805"}],"wp:attachment":[{"href":"https:\/\/www.paulofaustino.com\/pt\/wp-json\/wp\/v2\/media?parent=4803"}],"wp:term":[{"taxonomy":"category","embeddable":true,"href":"https:\/\/www.paulofaustino.com\/pt\/wp-json\/wp\/v2\/categories?post=4803"},{"taxonomy":"post_tag","embeddable":true,"href":"https:\/\/www.paulofaustino.com\/pt\/wp-json\/wp\/v2\/tags?post=4803"}],"curies":[{"name":"wp","href":"https:\/\/api.w.org\/{rel}","templated":true}]}}